{"id":425,"date":"2022-03-17T11:46:16","date_gmt":"2022-03-17T10:46:16","guid":{"rendered":"http:\/\/argutdessus.fr\/?p=425"},"modified":"2022-03-21T08:19:09","modified_gmt":"2022-03-21T07:19:09","slug":"candidats-a-lelection-presidentielle-2022","status":"publish","type":"post","link":"https:\/\/argutdessus.fr\/index.php\/2022\/03\/17\/candidats-a-lelection-presidentielle-2022\/","title":{"rendered":"Candidats \u00e0 l&rsquo;\u00e9lection pr\u00e9sidentielle 2022"},"content":{"rendered":"\n<p>Libert\u00e9 \u00c9galit\u00e9 Fraternit\u00e9<\/p>\n\n\n\n<p>R\u00c9PUBLIQUE FRAN\u00c7AISE<\/p>\n\n\n\n<p><strong>D\u00e9cision n\u00b0 2022-187 PDR du 7 mars 2022<\/strong><\/p>\n\n\n\n<p><strong>arr\u00eatant la liste des candidats \u00e0 l&rsquo;\u00e9lection pr\u00e9sidentielle<\/strong><\/p>\n\n\n\n<p><em>(Journal officiel<\/em> du 8 mars 2022)<\/p>\n\n\n\n<p><strong>________________<\/strong><\/p>\n\n\n\n<p>Le Conseil constitutionnel,<\/p>\n\n\n\n<p>Au vu des textes suivants :<\/p>\n\n\n\n<p>&#8211; la Constitution, notamment ses articles 6, 7 et 58 ;<\/p>\n\n\n\n<p>&#8211; l&rsquo;ordonnance n\u00b0 58-1067 du 7 novembre 1958 portant loi organique sur le Conseil constitutionnel, notamment son article 30 ;<\/p>\n\n\n\n<p>&#8211; les articles 3 et 4 de la loi n\u00b0 62-1292 du 6 novembre 1962 relative \u00e0 l&rsquo;\u00e9lection du Pr\u00e9sident de la R\u00e9publique au suffrage universel ;<\/p>\n\n\n\n<p>&#8211; les articles du code \u00e9lectoral rendus applicables \u00e0 l&rsquo;\u00e9lection du Pr\u00e9sident de la R\u00e9publique, notamment ses articles L. 2, L. 6, L. 9, L.&nbsp;45, LO 127, LO 129, LO 135-1 et L. 199 ;<\/p>\n\n\n\n<p>&#8211; le d\u00e9cret n\u00b0 2001-213 du 8 mars 2001 portant application de la loi du 6 novembre 1962 mentionn\u00e9e ci-dessus ;<\/p>\n\n\n\n<p>&#8211; le d\u00e9cret n\u00b0 2022-66 du 26 janvier 2022 portant convocation des \u00e9lecteurs pour l&rsquo;\u00e9lection du Pr\u00e9sident de la R\u00e9publique ;<\/p>\n\n\n\n<p>&#8211; la d\u00e9cision n\u00b0 2021-150 ORGA du 21 octobre 2021 relative \u00e0 la d\u00e9termination par tirage au sort de l&rsquo;ordre de la liste des candidats \u00e0 l&rsquo;\u00e9lection du Pr\u00e9sident de la R\u00e9publique et aux modalit\u00e9s de publication du nom et de la qualit\u00e9 des citoyens qui pr\u00e9sentent des candidats \u00e0 l&rsquo;\u00e9lection du Pr\u00e9sident de la R\u00e9publique ;<\/p>\n\n\n\n<p>&#8211; les d\u00e9cisions n\u00b0 2022-175 PDR du 1er f\u00e9vrier 2022, n\u00b0 2022-176 PDR du 3 f\u00e9vrier 2022, n\u00b0 2022-177 PDR du 8 f\u00e9vrier 2022, n\u00b0 2022-178 PDR du 10 f\u00e9vrier 2022, n\u00b0 2022-179 PDR du 15 f\u00e9vrier 2022, n\u00b0 2022-180 PDR du 17 f\u00e9vrier 2022, n\u00b0 2022-181 PDR du 22 f\u00e9vrier 2022, n\u00b0 2022-182 PDR du 24 f\u00e9vrier 2022, n\u00b0 2022-183 PDR du 1er mars 2022, n\u00b0 2022-185 PDR du 3 mars 2022 et n\u00b0 2022-186 PDR du 7 mars 2022 ayant arr\u00eat\u00e9 les listes des citoyens habilit\u00e9s ayant pr\u00e9sent\u00e9 des candidats \u00e0 l&rsquo;\u00e9lection du Pr\u00e9sident de la R\u00e9publique ;<\/p>\n\n\n\n<p>Ayant examin\u00e9 les formulaires de pr\u00e9sentation qui lui ont \u00e9t\u00e9 adress\u00e9s \u00e0 partir du 27 janvier 2022 et qui lui sont parvenus au plus tard le 4 mars 2022 \u00e0 dix-huit heures, conform\u00e9ment \u00e0 l&rsquo;article 3 de la loi du 6 novembre 1962 mentionn\u00e9e ci-dessus et \u00e0 l&rsquo;article 2 du d\u00e9cret du 8 mars 2001 mentionn\u00e9 ci-dessus ;<\/p>\n\n\n\n<p>Apr\u00e8s s&rsquo;\u00eatre assur\u00e9 de la r\u00e9gularit\u00e9 des candidatures et du consentement des candidats, avoir constat\u00e9 le d\u00e9p\u00f4t, sous pli scell\u00e9, de leur d\u00e9claration d&rsquo;int\u00e9r\u00eats et d&rsquo;activit\u00e9s et de leur d\u00e9claration de situation patrimoniale et avoir re\u00e7u leur engagement, en cas d&rsquo;\u00e9lection, de d\u00e9poser une nouvelle d\u00e9claration de situation patrimoniale six mois au plus t\u00f4t et cinq mois au plus tard avant l&rsquo;expiration du mandat ou, en cas de d\u00e9mission, dans un d\u00e9lai d&rsquo;un mois apr\u00e8s celle-ci ;<\/p>\n\n\n\n<p>D\u00e9cide :<\/p>\n\n\n\n<p><strong>Article 1<\/strong><\/p>\n\n\n\n<p>La liste des candidats \u00e0 l&rsquo;\u00e9lection du Pr\u00e9sident de la R\u00e9publique, dont l&rsquo;ordre a \u00e9t\u00e9 \u00e9tabli par voie de tirage au sort, est arr\u00eat\u00e9e comme suit :<\/p>\n\n\n\n<p><strong>&#8211; Mme Nathalie ARTHAUD,<\/strong><\/p>\n\n\n\n<p><strong>&#8211; M. Fabien ROUSSEL,<\/strong><\/p>\n\n\n\n<p><strong>&#8211; M. Emmanuel MACRON,<\/strong><\/p>\n\n\n\n<p><strong>&#8211; M. Jean LASSALLE,<\/strong><\/p>\n\n\n\n<p><strong>&#8211; Mme Marine LE PEN,<\/strong><\/p>\n\n\n\n<p><strong>&#8211; M. \u00c9ric ZEMMOUR,<\/strong><\/p>\n\n\n\n<p><strong>&#8211; M. Jean-Luc M\u00c9LENCHON,<\/strong><\/p>\n\n\n\n<p><strong>&#8211; Mme Anne HIDALGO,<\/strong><\/p>\n\n\n\n<p><strong>&#8211; M. Yannick JADOT,<\/strong><\/p>\n\n\n\n<p><strong>&#8211; Mme Val\u00e9rie P\u00c9CRESSE,<\/strong><\/p>\n\n\n\n<p><strong>&#8211; M. Philippe POUTOU,<\/strong><\/p>\n\n\n\n<p><strong>&#8211; M. Nicolas DUPONT-AIGNAN.<\/strong><\/p>\n\n\n\n<p><strong>Article 2<\/strong><\/p>\n\n\n\n<p>Cette liste sera publi\u00e9e au Journal officiel et notifi\u00e9e, par les soins du Gouvernement, aux repr\u00e9sentants de l&rsquo;\u00c9tat en Nouvelle-Cal\u00e9donie et dans les d\u00e9partements et dans les d\u00e9partements et collectivit\u00e9s d&rsquo;outre-mer et aux ambassadeurs et aux chefs de poste consulaires.<\/p>\n\n\n\n<p><strong>Article 3<\/strong><\/p>\n\n\n\n<p>Cette d\u00e9cision sera publi\u00e9e au Journal officiel de la R\u00e9publique fran\u00e7aise.<\/p>\n\n\n\n<p>Jug\u00e9 par le Conseil constitutionnel dans sa s\u00e9ance du 7 mars 2022, o\u00f9 si\u00e9geaient : M. Laurent FABIUS, Pr\u00e9sident, Mme Claire BAZY MALAURIE, M. Alain JUPP\u00c9, Mmes Dominique LOTTIN, Corinne LUQUIENS, Nicole MAESTRACCI, MM. Jacques M\u00c9ZARD, Fran\u00e7ois PILLET et Michel PINAULT.<\/p>\n","protected":false},"excerpt":{"rendered":"<p>Libert\u00e9 \u00c9galit\u00e9 Fraternit\u00e9 R\u00c9PUBLIQUE FRAN\u00c7AISE D\u00e9cision n\u00b0 2022-187 PDR du 7 mars 2022 arr\u00eatant la liste des candidats \u00e0 l&rsquo;\u00e9lection pr\u00e9sidentielle (Journal officiel du 8 mars 2022) ________________ Le Conseil constitutionnel, Au vu des textes suivants : &#8211; la Constitution, notamment ses articles 6, 7 et 58 ; &#8211; l&rsquo;ordonnance n\u00b0 58-1067 du 7 novembre&hellip;<\/p>\n","protected":false},"author":3,"featured_media":0,"comment_status":"open","ping_status":"open","sticky":false,"template":"","format":"standard","meta":{"_jetpack_memberships_contains_paid_content":false,"footnotes":""},"categories":[5],"tags":[],"class_list":["post-425","post","type-post","status-publish","format-standard","hentry","category-mairie"],"jetpack_featured_media_url":"","jetpack_sharing_enabled":true,"_links":{"self":[{"href":"https:\/\/argutdessus.fr\/index.php\/wp-json\/wp\/v2\/posts\/425","targetHints":{"allow":["GET"]}}],"collection":[{"href":"https:\/\/argutdessus.fr\/index.php\/wp-json\/wp\/v2\/posts"}],"about":[{"href":"https:\/\/argutdessus.fr\/index.php\/wp-json\/wp\/v2\/types\/post"}],"author":[{"embeddable":true,"href":"https:\/\/argutdessus.fr\/index.php\/wp-json\/wp\/v2\/users\/3"}],"replies":[{"embeddable":true,"href":"https:\/\/argutdessus.fr\/index.php\/wp-json\/wp\/v2\/comments?post=425"}],"version-history":[{"count":1,"href":"https:\/\/argutdessus.fr\/index.php\/wp-json\/wp\/v2\/posts\/425\/revisions"}],"predecessor-version":[{"id":426,"href":"https:\/\/argutdessus.fr\/index.php\/wp-json\/wp\/v2\/posts\/425\/revisions\/426"}],"wp:attachment":[{"href":"https:\/\/argutdessus.fr\/index.php\/wp-json\/wp\/v2\/media?parent=425"}],"wp:term":[{"taxonomy":"category","embeddable":true,"href":"https:\/\/argutdessus.fr\/index.php\/wp-json\/wp\/v2\/categories?post=425"},{"taxonomy":"post_tag","embeddable":true,"href":"https:\/\/argutdessus.fr\/index.php\/wp-json\/wp\/v2\/tags?post=425"}],"curies":[{"name":"wp","href":"https:\/\/api.w.org\/{rel}","templated":true}]}}