{"id":2822,"date":"2026-02-28T20:01:37","date_gmt":"2026-02-28T19:01:37","guid":{"rendered":"https:\/\/argutdessus.fr\/?p=2822"},"modified":"2026-02-28T20:03:35","modified_gmt":"2026-02-28T19:03:35","slug":"le-comite-des-fetes-vous-propose-ses-festivites-pour-2026","status":"publish","type":"post","link":"https:\/\/argutdessus.fr\/index.php\/2026\/02\/28\/le-comite-des-fetes-vous-propose-ses-festivites-pour-2026\/","title":{"rendered":"Le comit\u00e9 des f\u00eates vous propose ses festivit\u00e9s pour 2026."},"content":{"rendered":"\n<p><strong>samedi 28 f\u00e9vrier : le Charivari<\/strong> dans les rues du village, suivi d&rsquo;un go\u00fbter partag\u00e9.<\/p>\n\n\n\n<p><strong>samedi 20 juin<\/strong> : <strong>le brandon<\/strong> \u00e0 Argut-dessus 20 h 30 \u00e0 l&rsquo;entr\u00e9e du village. Repas partag\u00e9. Le comit\u00e9 des f\u00eates offre saucisse et ventr\u00e8che grill\u00e9e.<\/p>\n\n\n\n<p><strong>Samedi 18 juillet<\/strong> : 17 h chants choraux \u00e0 l&rsquo;\u00e9glise. 20 h repas partag\u00e9.<\/p>\n\n\n\n<p><strong>Du 7 au 10 ao\u00fbt f\u00eate patronale de la saint Laurent<\/strong><\/p>\n\n\n\n<p>Mardi 4 : 8h30 montage des chapiteaux.13 h grillades. Merci par avance \u00e0 toutes les bonnes volont\u00e9s<\/p>\n\n\n\n<p>Vendredi 7 : repas traiteur sur la place suivi d&rsquo;une animation musicale (penser \u00e0 r\u00e9server et apporter vos couverts).<\/p>\n\n\n\n<p>samedi 8 : concours de p\u00e9tanque en doublette (un agneau aux vainqueurs). 15 h Animation pour enfants. 22h bal disco.<\/p>\n\n\n\n<p>Dimanche 9 : Aubades, 17h messe de la Saint-Laurent, ap\u00e9ritif de la municipalit\u00e9, 21h30 retraite aux flambeaux, 22 h bal disco, 24 h tirage de la tombola.<\/p>\n\n\n\n<p>Lundi 10 : 20 h 30 tournoi de belote.<\/p>\n\n\n\n<p>Buvette, sandwichs, confettis, ambiance&#8230;<\/p>\n\n\n\n<p><strong>Samedi 31 octobre : Halloween<\/strong> : tour des maisons du village avec les enfants suivi d&rsquo;un go\u00fbter dinatoire.<\/p>\n\n\n\n<p><strong>Samedi 21 novembre : Beaujolais nouveau<\/strong> repas partag\u00e9 \u00e0 la maison Commune.<\/p>\n\n\n\n<p><strong>mardi 29 d\u00e9cembre : loto.<\/strong><\/p>\n\n\n\n<p><strong>jeudi 31 d\u00e9cembre : R\u00e9veillon de la Saint-Sylvestre <\/strong>(repas traiteur).<\/p>\n\n\n\n<p><strong>R\u00e9servez vos dates, nous serons heureux de vous accueillir. <\/strong><\/p>\n\n\n\n<p><\/p>\n\n\n\n<p><\/p>\n\n\n\n<p><\/p>\n","protected":false},"excerpt":{"rendered":"<p>samedi 28 f\u00e9vrier : le Charivari dans les rues du village, suivi d&rsquo;un go\u00fbter partag\u00e9. samedi 20 juin : le brandon \u00e0 Argut-dessus 20 h 30 \u00e0 l&rsquo;entr\u00e9e du village. Repas partag\u00e9. Le comit\u00e9 des f\u00eates offre saucisse et ventr\u00e8che grill\u00e9e. Samedi 18 juillet : 17 h chants choraux \u00e0 l&rsquo;\u00e9glise. 20 h repas partag\u00e9.&hellip;<\/p>\n","protected":false},"author":3,"featured_media":2696,"comment_status":"open","ping_status":"open","sticky":false,"template":"","format":"standard","meta":{"_jetpack_memberships_contains_paid_content":false,"footnotes":""},"categories":[1],"tags":[],"class_list":["post-2822","post","type-post","status-publish","format-standard","has-post-thumbnail","hentry","category-non-classe"],"jetpack_featured_media_url":"https:\/\/argutdessus.fr\/wp-content\/uploads\/2025\/11\/telechargement.jpeg","jetpack_sharing_enabled":true,"_links":{"self":[{"href":"https:\/\/argutdessus.fr\/index.php\/wp-json\/wp\/v2\/posts\/2822","targetHints":{"allow":["GET"]}}],"collection":[{"href":"https:\/\/argutdessus.fr\/index.php\/wp-json\/wp\/v2\/posts"}],"about":[{"href":"https:\/\/argutdessus.fr\/index.php\/wp-json\/wp\/v2\/types\/post"}],"author":[{"embeddable":true,"href":"https:\/\/argutdessus.fr\/index.php\/wp-json\/wp\/v2\/users\/3"}],"replies":[{"embeddable":true,"href":"https:\/\/argutdessus.fr\/index.php\/wp-json\/wp\/v2\/comments?post=2822"}],"version-history":[{"count":2,"href":"https:\/\/argutdessus.fr\/index.php\/wp-json\/wp\/v2\/posts\/2822\/revisions"}],"predecessor-version":[{"id":2824,"href":"https:\/\/argutdessus.fr\/index.php\/wp-json\/wp\/v2\/posts\/2822\/revisions\/2824"}],"wp:featuredmedia":[{"embeddable":true,"href":"https:\/\/argutdessus.fr\/index.php\/wp-json\/wp\/v2\/media\/2696"}],"wp:attachment":[{"href":"https:\/\/argutdessus.fr\/index.php\/wp-json\/wp\/v2\/media?parent=2822"}],"wp:term":[{"taxonomy":"category","embeddable":true,"href":"https:\/\/argutdessus.fr\/index.php\/wp-json\/wp\/v2\/categories?post=2822"},{"taxonomy":"post_tag","embeddable":true,"href":"https:\/\/argutdessus.fr\/index.php\/wp-json\/wp\/v2\/tags?post=2822"}],"curies":[{"name":"wp","href":"https:\/\/api.w.org\/{rel}","templated":true}]}}